{"id":237961,"date":"2023-03-29T01:41:00","date_gmt":"2023-03-29T01:41:00","guid":{"rendered":"https:\/\/royalbirdcontracting.com\/?p=237961"},"modified":"2023-04-01T11:50:26","modified_gmt":"2023-04-01T11:50:26","slug":"milyen-hosszu-tavu-hatasok-vannak-a-covid-19-nek","status":"publish","type":"post","link":"https:\/\/royalbirdcontracting.com\/index.php\/2023\/03\/29\/milyen-hosszu-tavu-hatasok-vannak-a-covid-19-nek\/","title":{"rendered":"Milyen hossz\u00fa t\u00e1v\u00fa hat\u00e1sok vannak a Covid-19-nek?"},"content":{"rendered":"<h1> Milyen hossz\u00fa t\u00e1v\u00fa hat\u00e1sok vannak a Covid-19-nek? <\/h1>\n<p> A legt\u00f6bb koronav\u00edrusos betegs\u00e9g (COVID-19) 2\u20136 h\u00e9ten bel\u00fcl helyre\u00e1ll, de n\u00e9h\u00e1ny t\u00fcneteket tapasztalnak. A s\u00falyos Covid-19-ben szenved\u0151 szem\u00e9lyek sz\u00f6v\u0151dm\u00e9nyeket alak\u00edthatnak ki, k\u00f3rh\u00e1zi tart\u00f3zkod\u00e1s ut\u00e1n rehabilit\u00e1ci\u00f3t ig\u00e9nyelhetnek. <\/p>\n<p> A COVID-19 fizikai hat\u00e1sa mellett az emberek ment\u00e1lis eg\u00e9szs\u00e9g\u00fck v\u00e1ltoz\u00e1sait is tapasztalhatj\u00e1k. <\/p>\n<p> Az al\u00e1bbiakban le\u00edrjuk a COVID-19 hossz\u00fa t\u00e1v\u00fa hat\u00e1sait a fizikai \u00e9s ment\u00e1lis eg\u00e9szs\u00e9gre, \u00e9s felt\u00e1rjuk a rendelkez\u00e9sre \u00e1ll\u00f3 er\u0151forr\u00e1sokat.<!--more--> <\/p>\n<p> Az \u00f6sszes adat \u00e9s statisztika a k\u00f6zz\u00e9t\u00e9tel idej\u00e9n a nyilv\u00e1nosan el\u00e9rhet\u0151 adatokon alapul. N\u00e9h\u00e1ny inform\u00e1ci\u00f3 elavult lehet. L\u00e1togasson el a Coronav\u00edrus csom\u00f3pontunkra a legfrissebb inform\u00e1ci\u00f3k\u00e9rt a Covid-19 j\u00e1rv\u00e1nyr\u00f3l. <\/p>\n<h2 id=\"Amit tudunk a hossz\u00fa t\u00e1v\u00fa hat\u00e1sokr\u00f3l\" name=\"Amit tudunk a hossz\u00fa t\u00e1v\u00fa hat\u00e1sokr\u00f3l\"> Amit tudunk a hossz\u00fa t\u00e1v\u00fa hat\u00e1sokr\u00f3l <\/h2>\n<p> Mivel a COVID-19 \u00faj betegs\u00e9g, a tud\u00f3sok nem tudj\u00e1k a kezdeti betegs\u00e9g ut\u00e1ni h\u00f3napokban vagy \u00e9vekben. <\/p>\n<p> A kutat\u00f3k elm\u00e9let\u00fck szerint a COVID-19, a s\u00falyos akut l\u00e9gz\u00e9si szindr\u00f3ma coronav\u00edrus 2 (SARS-COV-2) felel\u0151s v\u00edrus hasonl\u00f3 hat\u00e1sokat okozhat m\u00e1s koronav\u00edrusokhoz, p\u00e9ld\u00e1ul azokhoz, amelyek s\u00falyos akut l\u00e9gz\u00e9si szindr\u00f3m\u00e1t okoznak (SARS) \u00e9s a K\u00f6zel -Kelet l\u00e9gz\u0151szervi szindr\u00f3ma (MERS). <\/p>\n<p> Egy 2020-as tanulm\u00e1ny szerint a s\u00falyos SAR-okb\u00f3l vagy MER-ekb\u0151l fel\u00e9p\u00fcl\u0151 emberek kb. 30% -a hossz\u00fa t\u00e1v\u00fa t\u00fcd\u0151 rendelleness\u00e9gei voltak. Egy 2009 -es tanulm\u00e1ny szerint a SARS t\u00fal\u00e9l\u0151 emberek 40% -a m\u00e9g mindig k\u00f6r\u00fclbel\u00fcl 3,5 \u00e9vvel k\u00e9s\u0151bb kr\u00f3nikus f\u00e1radts\u00e1got tapasztalt. <\/p>\n<p> De b\u00e1r a SARS, a MERS \u00e9s a COVID-19 ugyanazon csal\u00e1d v\u00edrusjai okozz\u00e1k, vannak kulcsfontoss\u00e1g\u00fa k\u00fcl\u00f6nbs\u00e9gek k\u00f6z\u00f6tt\u00fck, ahogy a 2020-as tanulm\u00e1ny kiemeli. Ez\u00e9rt a m\u00e1sik k\u00e9t betegs\u00e9gre val\u00f3 keres\u00e9s nem ad megb\u00edzhat\u00f3 m\u00f3dszert a Covid-19 hossz\u00fa t\u00e1v\u00fa hat\u00e1sainak el\u0151rejelz\u00e9s\u00e9re. <\/p>\n<p> A COVID-19 hat\u00e1sainak kutat\u00e1sa folyamatban van. Az olyan kezdem\u00e9nyez\u00e9sek, mint p\u00e9ld\u00e1ul a Covid t\u00fcnetvizsg\u00e1lat, a n\u00e9pek t\u00fcneteinek nyomon k\u00f6vet\u00e9se \u00e9s a betegs\u00e9g hossz\u00fa t\u00e1v\u00fa k\u00f6vetkezm\u00e9nyei egy mobilalkalmaz\u00e1son kereszt\u00fcl. <\/p>\n<h2 id=\"enyhe vagy k\u00f6zepes esetekben\" name=\"enyhe vagy k\u00f6zepes esetekben\"> enyhe vagy k\u00f6zepes esetekben <\/h2>\n<p> A legt\u00f6bb Covid-19-et fejleszt\u0151 ember enyhe vagy k\u00f6zepes betegs\u00e9get tapasztal, amely \u00f6nmag\u00e1ban javul. N\u00e9h\u00e1ny ember azonban, akik enyhe vagy k\u00f6zepes betegs\u00e9gben szenvedtek, olyan tart\u00f3s t\u00fcnetek alakulnak ki, amelyek s\u00falyos lehetnek &#8211; m\u00e9g akkor is, ha fel\u00e9p\u00fcltek a kezdeti fert\u0151z\u00e9sb\u0151l. <\/p>\n<p> Ha ezek a t\u00fcnetek meghosszabbodnak, az emberek n\u00e9ha \u201ehossz\u00fa covidnak\u201d vagy azoknak az embereknek nevezik, akiknek \u201ehossz\u00fa t\u00e1v\u00faak\u201d. <\/p>\n<p> Enyhe vagy k\u00f6zepes m\u00e9rt\u00e9k\u0171 Covid-19-es emberek gyakran folytatj\u00e1k a jelent\u00e9st: <\/p>\n<ul>\n<li> Extr\u00e9m f\u00e1radts\u00e1g <\/li>\n<li> Izomgyenges\u00e9g <\/li>\n<li> A alacsony fok\u00fa l\u00e1z <\/li>\n<li> Hi\u00e1nyos koncentr\u00e1l\u00e1s <\/li>\n<li> H\u00e1tul a mem\u00f3ri\u00e1ban <\/li>\n<li> Hangulatv\u00e1ltoz\u00e1sok <\/li>\n<li> Alv\u00e1s probl\u00e9m\u00e1ja <\/li>\n<li> Fejf\u00e1j\u00e1s\n<li> A csapok \u00e9s a t\u0171k szenz\u00e1ci\u00f3ja <\/li>\n<li> hasmen\u00e9s <\/li>\n<li> h\u00e1ny\u00e1s <\/li>\n<li> Az \u00edzl\u00e9s \u00e9s az illat elveszt\u00e9se <\/li>\n<li> F\u00e1jdalmas Torok <\/li>\n<li> Neh\u00e9zs\u00e9gek nyel\u00e9s <\/li>\n<li> B\u0151r ki\u00fct\u00e9s <\/li>\n<li> L\u00e9gz\u00e9shi\u00e1ny <\/li>\n<li> Mellkasi f\u00e1jdalom <\/li>\n<li> Sz\u00edvdobog\u00e1sok <\/li>\n<li> A cukorbetegs\u00e9g vagy a magas v\u00e9rnyom\u00e1s \u00faj kezdete <\/li>\n<\/ul>\n<p> Ezek a t\u00fcnetek hetekig vagy h\u00f3napokig tarthatnak, miut\u00e1n a test megtiszt\u00edtotta a v\u00edrust. A m\u00e1r l\u00e9tez\u0151 eg\u00e9szs\u00e9gi \u00e1llapotok n\u00e9lk\u00fcl hossz\u00fa ideig alakulhat ki. A telefonos felm\u00e9r\u00e9sre hivatkozva az Eg\u00e9szs\u00e9g\u00fcgyi Vil\u00e1gszervezet (WHO) megfigyeli, hogy a 18\u201334 \u00e9ves emberek 20% -a hosszabb t\u00fcnetekr\u0151l sz\u00e1molt be. <\/p>\n<h2 id=\"s\u00falyos esetekben\" name=\"s\u00falyos esetekben\"> s\u00falyos esetekben <\/h2>\n<p> A COVID-19-et kialakul\u00f3 emberek k\u00f6r\u00fclbel\u00fcl 10\u201315% -\u00e1n\u00e1l s\u00falyos t\u00fcneteket tapasztal, \u00e9s k\u00f6r\u00fclbel\u00fcl 5% -uk kritikusan beteg. A s\u00falyos t\u00fcnetekkel k\u00fczd\u0151 emberek is hossz\u00fa ideig \u00e9lhetnek. <\/p>\n<p> Ezenk\u00edv\u00fcl a betegs\u00e9g s\u00falyosabb form\u00e1j\u00fa emberekn\u00e9l nagyobb val\u00f3sz\u00edn\u0171s\u00e9ggel tapasztalhat sz\u00f6v\u0151dm\u00e9nyeket. Amint a WHO megjegyzi, a sz\u00f6v\u0151dm\u00e9nyek k\u00e1rosodhatnak: <\/p>\n<ul>\n<li> A t\u00fcd\u0151: egy 2020. augusztus tanulm\u00e1ny szerint a s\u00falyos covid-19-ben szenved\u0151 embereket gyakran pulmon\u00e1lis fibr\u00f3zis jeleivel szabad\u00edtj\u00e1k ki, egyfajta t\u00fcd\u0151fajt\u00e1t k\u00e1r. N\u00e9h\u00e1ny emberben hossz\u00fa t\u00e1v\u00fa l\u00e9gz\u00e9si neh\u00e9zs\u00e9geket okozhat. <\/li>\n<li> A sz\u00edv: A 2020. j\u00faniusi \u00e1ttekint\u00e9s szerint a COVID-19-vel k\u00f3rh\u00e1zba bevont emberek 20\u201330% -a jele annak, hogy a betegs\u00e9g befoly\u00e1solta a sz\u00edvizom\u00e1t. A kutat\u00f3k azt gondolj\u00e1k, hogy n\u00e9h\u00e1ny emberben a Covid-19 myocarditist, az izom gyullad\u00e1s\u00e1t is okozhatja. <\/li>\n<li> Az idegrendszer: egy 2020. \u00e1prilisi tanulm\u00e1ny 214 r\u00e9sztvev\u0151vel \u00fagy tal\u00e1lta, hogy a s\u00falyos Covid-19-ben szenved\u0151 emberek nagyobb val\u00f3sz\u00edn\u0171s\u00e9ggel tapasztalnak neurol\u00f3giai megnyilv\u00e1nul\u00e1sokat, mint p\u00e9ld\u00e1ul sz\u00e9d\u00fcl\u00e9s, idegf\u00e1jdalom \u00e9s k\u00e1rosodott tudat. <\/li>\n<\/ul>\n<p> Jelenleg az orvosok nem biztosak abban, hogy ezek a sz\u00f6v\u0151dm\u00e9nyek hossz\u00fa t\u00e1von hogyan befoly\u00e1solj\u00e1k az embereket. <\/p>\n<p> Azok az emberek, akik a k\u00f3rh\u00e1zban id\u0151t t\u00f6ltenek \u00e9s mechanikus szell\u0151z\u00e9st ig\u00e9nyelnek, m\u00e1s neh\u00e9zs\u00e9geket is tapasztalhatnak. A 2020. j\u00faliusi tanulm\u00e1ny felsorolja a ventil\u00e1torkezel\u00e9s k\u00f6vetkez\u0151 sz\u00f6v\u0151dm\u00e9nyeit: <\/p>\n<ul>\n<li> Fogak fogak <\/li>\n<li> Megszak\u00edtott ajkak, nyelv vagy torok <\/li>\n<li> S\u00e9r\u00fclt hangk\u00e1belek <\/\/\/\/\/>\n<li> fert\u0151z\u00e9s <\/li>\n<li> Hypoxia <\/li>\n<li> Hipotenzi\u00f3 <\/li>\n<li> \u00d6sszeomlott t\u00fcd\u0151 <\/li>\n<li> Sz\u00edvritmusprobl\u00e9m\u00e1k <\/li>\n<\/ul>\n<\/ul>\n<\/ul>\n<\/ul>\n<p>Azoknak az embereknek, akik elhagyj\u00e1k a k\u00f3rh\u00e1zat, miut\u00e1n a Covid-19-nek folyamatos t\u00e1mogat\u00e1sra \u00e9s rehabilit\u00e1ci\u00f3ra van sz\u00fcks\u00e9g\u00fck, hogy seg\u00edts\u00e9k \u0151ket. <\/p>\n<h2 id=\"A ment\u00e1lis eg\u00e9szs\u00e9gre gyakorolt hossz\u00fa t\u00e1v\u00fa hat\u00e1sok\" name=\"A ment\u00e1lis eg\u00e9szs\u00e9gre gyakorolt hossz\u00fa t\u00e1v\u00fa hat\u00e1sok\"> A ment\u00e1lis eg\u00e9szs\u00e9gre gyakorolt hossz\u00fa t\u00e1v\u00fa hat\u00e1sok <\/h2>\n<p> A COVID-19 j\u00e1rv\u00e1ny nagym\u00e9rt\u00e9kben befoly\u00e1solta a ment\u00e1lis eg\u00e9szs\u00e9get. A 2020. augusztusos \u00e1ttekint\u00e9s szerint sok ember a pand\u00e9mi\u00e1ra adott v\u00e1laszk\u00e9nt \u00e9rezte a stressz, szorong\u00e1s, depresszi\u00f3 \u00e9s alv\u00e1si zavarok n\u00f6veked\u00e9s\u00e9t. <\/p>\n<p> Egyes t\u00e9nyez\u0151k, amelyek hozz\u00e1j\u00e1rulhatnak a ment\u00e1lis eg\u00e9szs\u00e9g\u00fcgyi neh\u00e9zs\u00e9gekhez a j\u00e1rv\u00e1ny sor\u00e1n, a k\u00f6vetkez\u0151k: <\/p>\n<ul>\n<li> Elszigetel\u00e9s \u00e9s mag\u00e1ny <\/li>\n<li> Neh\u00e9z munka vagy a foglalkoztat\u00e1s elveszt\u00e9se <\/\/\n\n<li>P\u00e9nz\u00fcgyi k\u00fczdelmek <\/li>\n<li> S\u00falyos vagy tart\u00f3s betegs\u00e9g <\/li>\n<li> Ment\u0151 ment\u00e1lis vagy fizikai eg\u00e9szs\u00e9gi \u00e1llapotok <\/li>\n<li> S\u00fcrg\u0151ss\u00e9gi orvosi kezel\u00e9s <\/li>\n<li> B\u00e1n\u00f3 \u00e9s Gy\u00e1szol\u00e1s <\/li>\n<\/ul>\n<p> Ezeknek a tapasztalatoknak a hat\u00e1sa tart\u00f3s lehet, k\u00fcl\u00f6n\u00f6sen, ha valaki sz\u00e9ls\u0151s\u00e9ges vagy tart\u00f3s szorong\u00e1st tapasztalt. Ez pszichol\u00f3giai traum\u00e1t vagy poszt-traum\u00e1s stressz rendelleness\u00e9get okozhat. <\/p>\n<p> A kutat\u00e1s azt is kimutatja, hogy az emberek szell\u0151ztet\u0151 haszn\u00e1lata k\u00f6zben s\u00falyos stresszt tapasztalhatnak, mivel a g\u00e9pt\u0151l val\u00f3 f\u00fcgg\u0151s\u00e9g\u00fck l\u00e9legeznie. N\u00e9h\u00e1ny ember depresszi\u00f3s rendelleness\u00e9geket is kialak\u00edt a szell\u0151ztet\u0151 kezel\u00e9s ut\u00e1n. <\/p>\n<h2 id=\"Kezel\u00e9s \u00e9s t\u00e1mogat\u00e1s\" name=\"Kezel\u00e9s \u00e9s t\u00e1mogat\u00e1s\"> Kezel\u00e9s \u00e9s t\u00e1mogat\u00e1s <\/h2>\n<p> A COVID-19 j\u00e1rv\u00e1ny sor\u00e1n sok embernek neh\u00e9znek tal\u00e1lt\u00e1k a kezel\u00e9shez a folyamatban l\u00e9v\u0151 t\u00fcnetek kezel\u00e9s\u00e9t. Az al\u00e1bbiakban csak n\u00e9h\u00e1ny olyan t\u00e9nyez\u0151 tal\u00e1lhat\u00f3, amelyek megakad\u00e1lyozt\u00e1k az embereket a sz\u00fcks\u00e9ges orvosi ell\u00e1t\u00e1shoz val\u00f3 hozz\u00e1f\u00e9r\u00e9shez: <\/p>\n<ul>\n<li> A tudatoss\u00e1g hi\u00e1nya: A j\u00e1rv\u00e1nyi pand\u00e9mi\u00e1n\u00e1l az orvosok nem tudt\u00e1k, hogy a Covid-19 tart\u00f3s t\u00fcneteket okozhat. A korai \u00fatmutat\u00e1s azt jelezte, hogy a legt\u00f6bb ember sz\u00e1m\u00e1ra a betegs\u00e9g r\u00f6vid t\u00e1v\u00fa lesz. <\/li>\n<li> Inform\u00e1ci\u00f3hi\u00e1ny: A tud\u00f3sok m\u00e9g nem tudj\u00e1k, mi okozza a hossz\u00fa covidot, vagy hogyan lehet a legjobban kezelni. Ez azt jelentheti, hogy m\u00e9g akkor is, ha az orvosok tiszt\u00e1ban vannak a lehets\u00e9ges hossz\u00fa t\u00e1v\u00fa hat\u00e1sokkal, lehet, hogy nem tudj\u00e1k, hogyan kell kezelni a kezel\u00e9st. <\/li>\n<li> Hamis-negat\u00edv teszt eredm\u00e9nyek: A BMJ cikk szerint a hamis negat\u00edvok gyakoriak a COVID-19-es emberek k\u00f6r\u00e9ben. Ez, valamint bizonyos ter\u00fcleteken a tesztel\u00e9shez val\u00f3 hozz\u00e1f\u00e9r\u00e9s hi\u00e1nya, azt jelenti, hogy sok hossz\u00fa, hossz\u00fa hang\u00fa ember nem kap orvosi ell\u00e1t\u00e1st. Ez\u00e9rt a cikk szerz\u0151i azt javasolj\u00e1k, hogy az orvosok ne ig\u00e9nyeljenek pozit\u00edv teszt eredm\u00e9nyeket a kr\u00f3nikus Covid-19 t\u00fcnetek diagnosztiz\u00e1l\u00e1s\u00e1hoz. <\/li>\n<\/ul>\n<p> Tov\u00e1bbi er\u0151forr\u00e1sok \u00e1llhatnak rendelkez\u00e9sre t\u00e1mogat\u00e1shoz. Ide tartoznak: <\/p>\n<h3 id=\"poszt-covid klinik\u00e1k\" name=\"poszt-covid klinik\u00e1k\"> poszt-covid klinik\u00e1k <\/h3>\n<p> Sz\u00e1mos eg\u00e9szs\u00e9g\u00fcgyi k\u00f6zpont az Egyes\u00fclt \u00c1llamokban \u00e9s m\u00e1sutt a covid ut\u00e1ni klinik\u00e1kat hozta l\u00e9tre, hogy seg\u00edtse az embereket a betegs\u00e9gb\u0151l val\u00f3 fel\u00e9p\u00fcl\u00e9sben. <\/p>\n<p> Ezeknek a klinik\u00e1knak sok c\u00e9lja, hogy seg\u00edtsen az embereknek, akik id\u0151t t\u00f6lt\u00f6ttek a k\u00f3rh\u00e1zban. Arra \u00f6sszpontos\u00edtanak, hogy seg\u00edts\u00e9k az embereket a l\u00e9gz\u00e9sben \u00e9s az izomer\u0151 \u00fajj\u00e1\u00e9p\u00edt\u00e9s\u00e9ben, valamint pszichol\u00f3giai gondoz\u00e1st ny\u00fajtanak a szorong\u00e1ssal vagy depresszi\u00f3val k\u00fczd\u0151 emberek sz\u00e1m\u00e1ra. P\u00e9ld\u00e1k ezekre a klinik\u00e1kra a k\u00f6vetkez\u0151k: <\/p>\n<ul>\n<li> A Penn Medicine-ben, Philadelphia-ban, a Penn Medicine-ben a Covid ut\u00e1ni \u00e9rt\u00e9kel\u00e9si \u00e9s helyre\u00e1ll\u00edt\u00e1si klinika Mount S\u00ednai Eg\u00e9szs\u00e9g\u00fcgyi Rendszer, New York City-ben <\/li>\n<li> A COVID-19 nyomon k\u00f6vet\u00e9si klinika a Kaliforniai Egyetemen, San Francisco <\/li>\n<\/ul>\n<p> Egyre t\u00f6bb szolg\u00e1ltat\u00f3 is. Klinik\u00e1k l\u00e9trehoz\u00e1sa hossz\u00fa covid sz\u00e1m\u00e1ra. <\/p>\n<p> Ha valaki nem tud szem\u00e9lyesen el\u00e9rni a klinik\u00e1t, akkor k\u00e9rhet telefon- vagy video -tal\u00e1lkoz\u00f3t. <\/p>\n<h3 id=\"Alkalmaz\u00e1sok \u00e9s online eszk\u00f6z\u00f6k\" name=\"Alkalmaz\u00e1sok \u00e9s online eszk\u00f6z\u00f6k\"> Alkalmaz\u00e1sok \u00e9s online eszk\u00f6z\u00f6k <\/h3>\n<p> Egyes eg\u00e9szs\u00e9g\u00fcgyi szervezetek online eszk\u00f6z\u00f6ket fejlesztettek ki, hogy inform\u00e1ci\u00f3kat \u00e9s \u00fatmutat\u00e1sokat ny\u00fajtsanak az embereknek, amikor helyre\u00e1ll\u00edtj\u00e1k a COVID-19-t. K\u00e9t p\u00e9lda a k\u00f6vetkez\u0151k: <\/p>\n<ul>\n<li> Az Egyes\u00fclt Kir\u00e1lys\u00e1g Nemzeti Eg\u00e9szs\u00e9g\u00fcgyi Szolg\u00e1lat\u00e1b\u00f3l sz\u00e1rmaz\u00f3 covid helyre\u00e1ll\u00edt\u00e1si port\u00e1l <\/li>\n<li> A ment\u00e1lis eg\u00e9szs\u00e9g \u00e9s a Covid-19 Inform\u00e1ci\u00f3s \u00e9s Er\u0151forr\u00e1sok Port\u00e1l a Mental Health America-t\u00f3l <\/\/><\/ul>\n<p> Az ember hozz\u00e1f\u00e9rhet a ter\u00e1pi\u00e1hoz \u00e9s m\u00e1s ment\u00e1lhigi\u00e9n\u00e9s t\u00e1mogat\u00e1shoz is, egy alkalmaz\u00e1son vagy telefonon kereszt\u00fcl. <\/p>\n<p> Tudja wormin tapasztalatok <a href=\"https:\/\/harmoniqhealth.com\/hu\/wormin\/\">r\u00f3la<\/a> meg, hogyan m\u0171k\u00f6dnek itt a teleTherapy szolg\u00e1ltat\u00e1sok. <\/p>\n<h3 id=\"T\u00e1mogat\u00f3 csoportok\" name=\"T\u00e1mogat\u00f3 csoportok\"> T\u00e1mogat\u00f3 csoportok <\/h3>\n<p> Az online t\u00e1mogat\u00f3 csoportok seg\u00edthetnek az embereknek meg\u00e9rteni, hogy nem egyed\u00fcl vannak, \u00e9s platformot biztos\u00edtanak a tapasztalatok r\u00e9v\u00e9n val\u00f3 besz\u00e9lget\u00e9shez. N\u00e9h\u00e1ny t\u00e1mogat\u00f3 csoport r\u00e9szt vett a hossz\u00fa Covid kutat\u00e1s\u00e1ra ir\u00e1nyul\u00f3 er\u0151fesz\u00edt\u00e9sekben. Ezeknek a csoportoknak n\u00e9h\u00e1ny p\u00e9ld\u00e1ja a k\u00f6vetkez\u0151k: <\/p>\n<ul>\n<li> A testpolitika Covid-19 t\u00e1mogat\u00f3 csoportja <\/li>\n<li> Survivor Corps, egy nonprofit szervezet, amely szint\u00e9n m\u0171k\u00f6dtet T\u00e1mogat\u00e1s <\/li>\n<li> Hossz\u00fa covid t\u00e1mogat\u00e1s <\/li>\n<\/ul>\n<h2 id=\"Covid-19 okozhat kr\u00f3nikus f\u00e1radts\u00e1g szindr\u00f3m\u00e1t?\" name=\"Covid-19 okozhat kr\u00f3nikus f\u00e1radts\u00e1g szindr\u00f3m\u00e1t?\"> Covid-19 okozhat kr\u00f3nikus f\u00e1radts\u00e1g szindr\u00f3m\u00e1t? <\/h2>\n<p> Sok ember tart\u00f3s COVID-19 t\u00fcnetekkel jelentette a sz\u00e9ls\u0151s\u00e9ges f\u00e1radts\u00e1g epiz\u00f3djait, \u00e9s n\u00e9h\u00e1nyan aggodalm\u00e1t fejezt\u00e9k ki amiatt, hogy a COVID-19 kr\u00f3nikus f\u00e1radts\u00e1g szindr\u00f3m\u00e1t (CFS) okozhat. <\/p>\n<p> CFS, vagy myalgikus encephalomyelitis, hossz\u00fa t\u00e1v\u00fa \u00e1llapot, amely v\u00edrusos betegs\u00e9get k\u00f6vethet, olyan t\u00fcneteket okozva, mint p\u00e9ld\u00e1ul: <\/p>\n<ul>\n<li> S\u00falyos fizikai f\u00e1radts\u00e1g <\/li>\n<li> Ment\u00e1lis f\u00e1radts\u00e1g, amelyet n\u00e9ha \u201eagyi k\u00f6dnek\u201d h\u00edvnak, <\/li>\n<li> Alv\u00e1s neh\u00e9zs\u00e9ge <\/li>\n<li> Izomf\u00e1jdalom <\/li>\n<li> A testmozg\u00e1s ut\u00e1ni rosszabb\u00e1 v\u00e1l\u00f3 t\u00fcnetek, az \u00fagynevezett malause <\/ul>\n<p> M\u00edg sok hossz\u00fa covid -ban szenved\u0151 ember ezeket vagy hasonl\u00f3 t\u00fcneteket tapasztalja, nem vil\u00e1gos, hogy a hossz\u00fa covid vajon &#8211; vagy vezethet -e &#8211; CFS. Egyes kutat\u00f3k a Long Covid-ot k\u00fcl\u00f6n jelens\u00e9gnek tekintik, a Covid-19 ut\u00e1ni szindr\u00f3ma vagy a v\u00edrus ut\u00e1ni szindr\u00f3ma ut\u00e1n. <\/p>\n<p> A Journal Medical Hipot\u00e9zis szerkeszt\u0151j\u00e9hez k\u00fcld\u00f6tt lev\u00e9lben a tud\u00f3sok hangs\u00falyozz\u00e1k a tanulm\u00e1nyoz\u00e1s \u00e9s a kezel\u00e9sek kezel\u00e9s\u00e9nek fontoss\u00e1g\u00e1t a Covid-19 szindr\u00f3ma ut\u00e1n. <\/p>\n<h2 id=\"mikor kell seg\u00edts\u00e9get k\u00e9rni\" name=\"mikor kell seg\u00edts\u00e9get k\u00e9rni\"> mikor kell seg\u00edts\u00e9get k\u00e9rni <\/h2>\n<p> b\u00e1rki, aki \u00faj vagy tart\u00f3s t\u00fcneteket tapasztal, a COVID-19-b\u0151l val\u00f3 gy\u00f3gyul\u00e1s ut\u00e1n, telefonon kell fordulnia egy orvoshoz, ha lehets\u00e9ges. <\/p>\n<p> Az orvos felm\u00e9rheti a t\u00fcneteket, \u00e9s sz\u00fcks\u00e9g eset\u00e9n elv\u00e9gezheti a diagnosztikai teszteket a sz\u00f6v\u0151dm\u00e9nyek ellen\u0151rz\u00e9se \u00e9rdek\u00e9ben. Seg\u00edthetnek a t\u00fcnetek id\u0151vel t\u00f6rt\u00e9n\u0151 megfigyel\u00e9s\u00e9ben \u00e9s kezel\u00e9s\u00e9ben is. <\/p>\n<p> Ha valaki s\u00falyos vagy gyorsan s\u00falyosbod\u00f3 t\u00fcneteket tapasztal, s\u00fcrg\u0151ss\u00e9gi orvosi seg\u00edts\u00e9get kell k\u00e9rnie. Ezek k\u00f6z\u00fcl n\u00e9h\u00e1ny a t\u00fcnetekkel kapcsolatban a k\u00f6vetkez\u0151k: <\/p>\n<ul>\n<li> Mellkasi f\u00e1jdalom vagy nyom\u00e1s <\/li>\n<li> Neh\u00e9z l\u00e9legezni <\/li>\n<li> Az ajkak sz\u00edn\u00e9nek megv\u00e1ltoz\u00e1sa &#8211; ami k\u00e9knek t\u0171nhet. K\u00f6nnyebb b\u0151r\u0171 vagy sz\u00fcrke vagy feh\u00e9res emberekn\u00e9l a s\u00f6t\u00e9tebb b\u0151r\u0171 emberekn\u00e9l <\/li>\n<li> K\u00e9ptelens\u00e9g \u00e9bren maradni <\/li>\n<li> A folyad\u00e9kok lefel\u00e9 tart\u00e1s\u00e1nak k\u00e9ptelens\u00e9ge <\/li>\n<li> Gyors fogy\u00e1s vagy nyerjen <\/li>\n<\/ul>\n<p> A szorong\u00e1ssal, b\u00e1nat vagy depresszi\u00f3val k\u00fczd, orvos, terapeuta vagy m\u00e1s ment\u00e1lhigi\u00e9n\u00e9s szakember seg\u00edthet. <\/p>\n<h2 id=\"\u00d6sszegz\u00e9s\" name=\"\u00d6sszegz\u00e9s\"> \u00d6sszegz\u00e9s <\/h2>\n<p> A legt\u00f6bb ember, aki Covid-19-et alak\u00edt ki, enyhe t\u00fcneteket tapasztal \u00e9s kezel\u00e9s n\u00e9lk\u00fcl gy\u00f3gyul meg. Mivel azonban a SARS-COV-2 \u00faj v\u00edrus, a kutat\u00f3k tov\u00e1bbra is megismerik a betegs\u00e9g hossz\u00fa t\u00e1v\u00fa hat\u00e1sait. <\/p>\n<p> Az orvosok jelenleg tudj\u00e1k, hogy a COVID-19 tart\u00f3s t\u00fcneteket okozhat. Egyesek ezt a k\u00e9rd\u00e9st hossz\u00fa Covid vagy a Covid-19 ut\u00e1ni szindr\u00f3m\u00e1nak h\u00edvj\u00e1k. Ha s\u00falyos, a Covid-19 tart\u00f3s szervk\u00e1rosod\u00e1st is okozhat. Ezek \u00e9s a j\u00e1rv\u00e1nyhoz kapcsol\u00f3d\u00f3 egy\u00e9b tapasztalatok traum\u00e1s lehetnek, befoly\u00e1solva az ember ment\u00e1lis eg\u00e9szs\u00e9g\u00e9t. <\/p>\n<p> Mivel a tud\u00f3sok t\u00f6bb adatot gy\u0171jtenek, jobban felszereltek a hat\u00e9kony kezel\u00e9si \u00e9s kezel\u00e9si strat\u00e9gi\u00e1k megtal\u00e1l\u00e1s\u00e1ra. Saj\u00e1t \u00e9s m\u00e1sok v\u00e9delme \u00e9rdek\u00e9ben elengedhetetlen a COVID-19 megel\u0151z\u00e9si ir\u00e1nyelveinek k\u00f6vet\u00e9se a Betegs\u00e9g Ellen\u0151rz\u00e9si \u00e9s Megel\u0151z\u00e9si K\u00f6zpontok (CDC) r\u00e9sz\u00e9r\u0151l. <\/p>\n<ul>\n<li> Ment\u00e1lhigi\u00e9n\u00e9s <\/li>\n<li> influenza\/hideg\/sars <\/li>\n<li> Fert\u0151z\u0151 betegs\u00e9gek\/bakt\u00e9riumok\/v\u00edrusok <\/li>\n<\/ul>\n<p> Az orvosi h\u00edrek ma szigor\u00faan vannak szigor\u00faan Az ir\u00e1nymutat\u00e1sok beszerz\u00e9si \u00e9s csak a szak\u00e9rt\u0151i \u00e1ttekintett tanulm\u00e1nyokb\u00f3l, az akad\u00e9miai kutat\u00f3int\u00e9zetekb\u0151l, valamint az orvosi foly\u00f3iratokb\u00f3l \u00e9s egyes\u00fcletekb\u0151l sz\u00e1rmaznak. Ker\u00fclj\u00fck a tercier referenci\u00e1k haszn\u00e1lat\u00e1t. \u00d6sszekapcsoljuk az els\u0151dleges forr\u00e1sokat &#8211; bele\u00e9rtve a tanulm\u00e1nyokat, a tudom\u00e1nyos referenci\u00e1kat \u00e9s a statisztik\u00e1kat &#8211; az egyes cikkekben, \u00e9s felsoroljuk azokat a cikkek alj\u00e1n tal\u00e1lhat\u00f3 forr\u00e1sok szakaszban is. T\u00f6bbet megtudhat arr\u00f3l, hogyan biztos\u00edtjuk, hogy tartalmunk pontos \u00e9s aktu\u00e1lis legyen a <\/p>\n<p><!--> szerkeszt\u0151i politika elolvas\u00e1s\u00e1val.<\/p>\n<h3>Contents<\/h3>\n<ul>\n<li><a href=\"#Amit tudunk a hossz\u00fa t\u00e1v\u00fa hat\u00e1sokr\u00f3l\">Amit tudunk a hossz\u00fa t\u00e1v\u00fa hat\u00e1sokr\u00f3l<\/a><\/li>\n<li><a href=\"#enyhe vagy k\u00f6zepes esetekben\">enyhe vagy k\u00f6zepes esetekben<\/a><\/li>\n<li><a href=\"#s\u00falyos esetekben\">s\u00falyos esetekben<\/a><\/li>\n<li><a href=\"#A ment\u00e1lis eg\u00e9szs\u00e9gre gyakorolt hossz\u00fa t\u00e1v\u00fa hat\u00e1sok\">A ment\u00e1lis eg\u00e9szs\u00e9gre gyakorolt hossz\u00fa t\u00e1v\u00fa hat\u00e1sok<\/a><\/li>\n<li><a href=\"#Kezel\u00e9s \u00e9s t\u00e1mogat\u00e1s\">Kezel\u00e9s \u00e9s t\u00e1mogat\u00e1s<\/a>\n<ul>\n<li><a href=\"#poszt-covid klinik\u00e1k\">poszt-covid klinik\u00e1k<\/a><\/li>\n<li><a href=\"#Alkalmaz\u00e1sok \u00e9s online eszk\u00f6z\u00f6k\">Alkalmaz\u00e1sok \u00e9s online eszk\u00f6z\u00f6k<\/a><\/li>\n<li><a href=\"#T\u00e1mogat\u00f3 csoportok\">T\u00e1mogat\u00f3 csoportok<\/a><\/li>\n<\/ul>\n<\/li>\n<li><a href=\"#Covid-19 okozhat kr\u00f3nikus f\u00e1radts\u00e1g szindr\u00f3m\u00e1t?\">Covid-19 okozhat kr\u00f3nikus f\u00e1radts\u00e1g szindr\u00f3m\u00e1t?<\/a><\/li>\n<li><a href=\"#mikor kell seg\u00edts\u00e9get k\u00e9rni\">mikor kell seg\u00edts\u00e9get k\u00e9rni<\/a><\/li>\n<li><a href=\"#\u00d6sszegz\u00e9s\">\u00d6sszegz\u00e9s<\/a><\/li>\n<\/ul>\n","protected":false},"excerpt":{"rendered":"<p>Milyen hossz\u00fa t\u00e1v\u00fa hat\u00e1sok vannak a Covid-19-nek? A legt\u00f6bb koronav\u00edrusos betegs\u00e9g (COVID-19) 2\u20136 h\u00e9ten bel\u00fcl helyre\u00e1ll, de n\u00e9h\u00e1ny t\u00fcneteket tapasztalnak. A s\u00falyos Covid-19-ben szenved\u0151 szem\u00e9lyek sz\u00f6v\u0151dm\u00e9nyeket alak\u00edthatnak ki, k\u00f3rh\u00e1zi tart\u00f3zkod\u00e1s ut\u00e1n rehabilit\u00e1ci\u00f3t ig\u00e9nyelhetnek. A COVID-19 fizikai hat\u00e1sa mellett az emberek ment\u00e1lis eg\u00e9szs\u00e9g\u00fck v\u00e1ltoz\u00e1sait is tapasztalhatj\u00e1k. Az al\u00e1bbiakban le\u00edrjuk a COVID-19 hossz\u00fa t\u00e1v\u00fa hat\u00e1sait a fizikai [&hellip;]<\/p>\n","protected":false},"author":1,"featured_media":0,"comment_status":"closed","ping_status":"open","sticky":false,"template":"","format":"standard","meta":{"_et_pb_use_builder":"","_et_pb_old_content":"","_et_gb_content_width":"","_mi_skip_tracking":false,"_monsterinsights_sitenote_active":false,"_monsterinsights_sitenote_note":"","_monsterinsights_sitenote_category":0,"footnotes":""},"categories":[10],"tags":[],"aioseo_notices":[],"_links":{"self":[{"href":"https:\/\/royalbirdcontracting.com\/index.php\/wp-json\/wp\/v2\/posts\/237961"}],"collection":[{"href":"https:\/\/royalbirdcontracting.com\/index.php\/wp-json\/wp\/v2\/posts"}],"about":[{"href":"https:\/\/royalbirdcontracting.com\/index.php\/wp-json\/wp\/v2\/types\/post"}],"author":[{"embeddable":true,"href":"https:\/\/royalbirdcontracting.com\/index.php\/wp-json\/wp\/v2\/users\/1"}],"replies":[{"embeddable":true,"href":"https:\/\/royalbirdcontracting.com\/index.php\/wp-json\/wp\/v2\/comments?post=237961"}],"version-history":[{"count":1,"href":"https:\/\/royalbirdcontracting.com\/index.php\/wp-json\/wp\/v2\/posts\/237961\/revisions"}],"predecessor-version":[{"id":237962,"href":"https:\/\/royalbirdcontracting.com\/index.php\/wp-json\/wp\/v2\/posts\/237961\/revisions\/237962"}],"wp:attachment":[{"href":"https:\/\/royalbirdcontracting.com\/index.php\/wp-json\/wp\/v2\/media?parent=237961"}],"wp:term":[{"taxonomy":"category","embeddable":true,"href":"https:\/\/royalbirdcontracting.com\/index.php\/wp-json\/wp\/v2\/categories?post=237961"},{"taxonomy":"post_tag","embeddable":true,"href":"https:\/\/royalbirdcontracting.com\/index.php\/wp-json\/wp\/v2\/tags?post=237961"}],"curies":[{"name":"wp","href":"https:\/\/api.w.org\/{rel}","templated":true}]}}